{"id":2450,"date":"2023-01-02T08:04:05","date_gmt":"2023-01-02T08:04:05","guid":{"rendered":"https:\/\/www.petuya.fr\/?p=2450"},"modified":"2024-03-30T16:54:43","modified_gmt":"2024-03-30T16:54:43","slug":"comment-dormaient-nos-ancetres","status":"publish","type":"post","link":"http:\/\/petuya.fr\/en\/2023\/01\/02\/comment-dormaient-nos-ancetres\/","title":{"rendered":"Comment dormaient nos anc\u00eatres ?"},"content":{"rendered":"<div data-elementor-type=\"wp-post\" data-elementor-id=\"2450\" class=\"elementor elementor-2450\" data-elementor-post-type=\"post\">\n\t\t\t\t\t\t<section class=\"elementor-section elementor-top-section elementor-element elementor-element-4313828 elementor-section-boxed elementor-section-height-default elementor-section-height-default\" data-id=\"4313828\" data-element_type=\"section\" data-e-type=\"section\">\n\t\t\t\t\t\t<div class=\"elementor-container elementor-column-gap-default\">\n\t\t\t\t\t<div class=\"elementor-column elementor-col-100 elementor-top-column elementor-element elementor-element-26b3d49\" data-id=\"26b3d49\" data-element_type=\"column\" data-e-type=\"column\">\n\t\t\t<div class=\"elementor-widget-wrap elementor-element-populated\">\n\t\t\t\t\t\t<div class=\"elementor-element elementor-element-a3361f8 elementor-widget elementor-widget-spacer\" data-id=\"a3361f8\" data-element_type=\"widget\" data-e-type=\"widget\" data-widget_type=\"spacer.default\">\n\t\t\t\t<div class=\"elementor-widget-container\">\n\t\t\t\t\t\t\t<div class=\"elementor-spacer\">\n\t\t\t<div class=\"elementor-spacer-inner\"><\/div>\n\t\t<\/div>\n\t\t\t\t\t\t<\/div>\n\t\t\t\t<\/div>\n\t\t\t\t<div class=\"elementor-element elementor-element-6084f1c elementor-widget elementor-widget-heading\" data-id=\"6084f1c\" data-element_type=\"widget\" data-e-type=\"widget\" data-widget_type=\"heading.default\">\n\t\t\t\t<div class=\"elementor-widget-container\">\n\t\t\t\t\t<h2 class=\"elementor-heading-title elementor-size-default\">Comment dormaient nos anc\u00eatres ?<\/h2>\t\t\t\t<\/div>\n\t\t\t\t<\/div>\n\t\t\t\t<div class=\"elementor-element elementor-element-6cf1b35 elementor-widget elementor-widget-text-editor\" data-id=\"6cf1b35\" data-element_type=\"widget\" data-e-type=\"widget\" data-widget_type=\"text-editor.default\">\n\t\t\t\t<div class=\"elementor-widget-container\">\n\t\t\t\t\t\t\t\t\t<p><span style=\"font-weight: 400;\">\u00c0 la Maison P\u00e9tuya, nous parlons r\u00e9guli\u00e8rement du bon sens des anciens. Et si, nous remontions dans le temps afin d\u2019observer comment dormaient nos anc\u00eatres ?<br \/>Nous en savons plus gr\u00e2ce \u00e0 une \u00e9quipe anglaise de neuroscientifiques et d\u2019anthropologues qui ont r\u00e9alis\u00e9 une \u00e9tude sur comment ils dormaient.<\/span><\/p><p><span style=\"font-weight: 400;\">Pour ceux qui souhaitent lire l\u2019\u00e9tude en entier, vous pouvez la retrouver dans la revue scientifique Current Biology.<\/span><\/p>\t\t\t\t\t\t\t\t<\/div>\n\t\t\t\t<\/div>\n\t\t\t\t\t<\/div>\n\t\t<\/div>\n\t\t\t\t\t<\/div>\n\t\t<\/section>\n\t\t\t\t<section class=\"elementor-section elementor-top-section elementor-element elementor-element-2892484 elementor-section-boxed elementor-section-height-default elementor-section-height-default\" data-id=\"2892484\" data-element_type=\"section\" data-e-type=\"section\">\n\t\t\t\t\t\t<div class=\"elementor-container elementor-column-gap-default\">\n\t\t\t\t\t<div class=\"elementor-column elementor-col-100 elementor-top-column elementor-element elementor-element-1ca84e3\" data-id=\"1ca84e3\" data-element_type=\"column\" data-e-type=\"column\">\n\t\t\t<div class=\"elementor-widget-wrap elementor-element-populated\">\n\t\t\t\t\t\t<div class=\"elementor-element elementor-element-e7610da elementor-widget elementor-widget-spacer\" data-id=\"e7610da\" data-element_type=\"widget\" data-e-type=\"widget\" data-widget_type=\"spacer.default\">\n\t\t\t\t<div class=\"elementor-widget-container\">\n\t\t\t\t\t\t\t<div class=\"elementor-spacer\">\n\t\t\t<div class=\"elementor-spacer-inner\"><\/div>\n\t\t<\/div>\n\t\t\t\t\t\t<\/div>\n\t\t\t\t<\/div>\n\t\t\t\t<div class=\"elementor-element elementor-element-8cf8dee elementor-widget elementor-widget-heading\" data-id=\"8cf8dee\" data-element_type=\"widget\" data-e-type=\"widget\" data-widget_type=\"heading.default\">\n\t\t\t\t<div class=\"elementor-widget-container\">\n\t\t\t\t\t<h2 class=\"elementor-heading-title elementor-size-default\">L\u2019\u00e9tude sur le sommeil de nos anc\u00eatres<\/h2>\t\t\t\t<\/div>\n\t\t\t\t<\/div>\n\t\t\t\t\t<\/div>\n\t\t<\/div>\n\t\t\t\t\t<\/div>\n\t\t<\/section>\n\t\t\t\t<section class=\"elementor-section elementor-top-section elementor-element elementor-element-052927e elementor-section-boxed elementor-section-height-default elementor-section-height-default\" data-id=\"052927e\" data-element_type=\"section\" data-e-type=\"section\">\n\t\t\t\t\t\t<div class=\"elementor-container elementor-column-gap-default\">\n\t\t\t\t\t<div class=\"elementor-column elementor-col-50 elementor-top-column elementor-element elementor-element-55e8aa7\" data-id=\"55e8aa7\" data-element_type=\"column\" data-e-type=\"column\">\n\t\t\t<div class=\"elementor-widget-wrap elementor-element-populated\">\n\t\t\t\t\t\t<div class=\"elementor-element elementor-element-f141bf4 elementor-widget elementor-widget-text-editor\" data-id=\"f141bf4\" data-element_type=\"widget\" data-e-type=\"widget\" data-widget_type=\"text-editor.default\">\n\t\t\t\t<div class=\"elementor-widget-container\">\n\t\t\t\t\t\t\t\t\t<p><span style=\"font-weight: 400;\">L\u2019\u00e9quipe de neuroscientifiques et d\u2019anthropologues est all\u00e9e \u00e9tudier certaines tribus qui n\u2019ont pas l\u2019\u00e9lectricit\u00e9 comme\u00a0<\/span><a href=\"https:\/\/photo.geo.fr\/hadza-derniers-chasseurs-cueilleurs-afrique-tanzanie-lac-eyasi-41039\" target=\"_blank\" rel=\"noopener\">les Hadza en Tanzanie<\/a><span style=\"font-weight: 400;\">\u00a0ou encore les San en Namibie ou les Tsimane de la for\u00eat amazonienne.<\/span><\/p><p><span style=\"font-weight: 400;\">Le constat est le suivant : ils ne se couchent pas avec le soleil mais trois heures et quart en moyenne plus tard. Entre temps, ils mangent, racontent des histoires, dansent et chantent au coin du feu.<\/span><\/p><p><span style=\"font-weight: 400;\">Ils se l\u00e8vent vers 7h45 au plus tard au lever du soleil mais durant la nuit, ils ont des t\u00e2ches \u00e0 accomplir qui peuvent prendre 1h20 comme entretenir le feu, faire des tours de garde ou encore \u00e9loigner les b\u00eates sauvages.<\/span><\/p><p><span style=\"font-weight: 400;\">Ils ne dorment donc que 6h25 en moyenne ! Donc, non, ils ne dormaient pas plus longtemps que nous !<\/span><span style=\"font-weight: 400;\">\u00a0<\/span><\/p><p><span style=\"font-weight: 400;\">Donc, nos anc\u00eatres ne rythmaient pas forc\u00e9ment leurs journ\u00e9es en fonction du lever et coucher de soleil alors quel est l\u2019\u00e9l\u00e9ment \u00e0 prendre \u00e0 compte ?<\/span><\/p>\t\t\t\t\t\t\t\t<\/div>\n\t\t\t\t<\/div>\n\t\t\t\t\t<\/div>\n\t\t<\/div>\n\t\t\t\t<div class=\"elementor-column elementor-col-50 elementor-top-column elementor-element elementor-element-72a9cba\" data-id=\"72a9cba\" data-element_type=\"column\" data-e-type=\"column\">\n\t\t\t<div class=\"elementor-widget-wrap elementor-element-populated\">\n\t\t\t\t\t\t<div class=\"elementor-element elementor-element-62351bc elementor-widget elementor-widget-image\" data-id=\"62351bc\" data-element_type=\"widget\" data-e-type=\"widget\" data-widget_type=\"image.default\">\n\t\t\t\t<div class=\"elementor-widget-container\">\n\t\t\t\t\t\t\t\t\t\t\t\t\t\t\t<img fetchpriority=\"high\" decoding=\"async\" width=\"1024\" height=\"683\" src=\"https:\/\/i0.wp.com\/petuya.fr\/wp-content\/uploads\/2023\/01\/sommeil-des-ancetre-scaled-e1700156541353.jpg?fit=1024%2C683&amp;ssl=1\" class=\"attachment-large size-large wp-image-2458\" alt=\"sommeil des ancetres\" \/>\t\t\t\t\t\t\t\t\t\t\t\t\t\t\t<\/div>\n\t\t\t\t<\/div>\n\t\t\t\t\t<\/div>\n\t\t<\/div>\n\t\t\t\t\t<\/div>\n\t\t<\/section>\n\t\t\t\t<section class=\"elementor-section elementor-top-section elementor-element elementor-element-deb8c4b elementor-section-boxed elementor-section-height-default elementor-section-height-default\" data-id=\"deb8c4b\" data-element_type=\"section\" data-e-type=\"section\">\n\t\t\t\t\t\t<div class=\"elementor-container elementor-column-gap-default\">\n\t\t\t\t\t<div class=\"elementor-column elementor-col-100 elementor-top-column elementor-element elementor-element-3117c3a\" data-id=\"3117c3a\" data-element_type=\"column\" data-e-type=\"column\">\n\t\t\t<div class=\"elementor-widget-wrap elementor-element-populated\">\n\t\t\t\t\t\t<div class=\"elementor-element elementor-element-3a6f276 elementor-widget elementor-widget-spacer\" data-id=\"3a6f276\" data-element_type=\"widget\" data-e-type=\"widget\" data-widget_type=\"spacer.default\">\n\t\t\t\t<div class=\"elementor-widget-container\">\n\t\t\t\t\t\t\t<div class=\"elementor-spacer\">\n\t\t\t<div class=\"elementor-spacer-inner\"><\/div>\n\t\t<\/div>\n\t\t\t\t\t\t<\/div>\n\t\t\t\t<\/div>\n\t\t\t\t<div class=\"elementor-element elementor-element-e7a6a9d elementor-widget elementor-widget-heading\" data-id=\"e7a6a9d\" data-element_type=\"widget\" data-e-type=\"widget\" data-widget_type=\"heading.default\">\n\t\t\t\t<div class=\"elementor-widget-container\">\n\t\t\t\t\t<h2 class=\"elementor-heading-title elementor-size-default\">Le rythme du sommeil et la temp\u00e9rature corporelle<\/h2>\t\t\t\t<\/div>\n\t\t\t\t<\/div>\n\t\t\t\t\t<\/div>\n\t\t<\/div>\n\t\t\t\t\t<\/div>\n\t\t<\/section>\n\t\t\t\t<section class=\"elementor-section elementor-top-section elementor-element elementor-element-3938442 elementor-section-boxed elementor-section-height-default elementor-section-height-default\" data-id=\"3938442\" data-element_type=\"section\" data-e-type=\"section\">\n\t\t\t\t\t\t<div class=\"elementor-container elementor-column-gap-default\">\n\t\t\t\t\t<div class=\"elementor-column elementor-col-50 elementor-top-column elementor-element elementor-element-b1fcb15\" data-id=\"b1fcb15\" data-element_type=\"column\" data-e-type=\"column\">\n\t\t\t<div class=\"elementor-widget-wrap elementor-element-populated\">\n\t\t\t\t\t\t<div class=\"elementor-element elementor-element-0b93ef2 elementor-widget elementor-widget-image\" data-id=\"0b93ef2\" data-element_type=\"widget\" data-e-type=\"widget\" data-widget_type=\"image.default\">\n\t\t\t\t<div class=\"elementor-widget-container\">\n\t\t\t\t\t\t\t\t\t\t\t\t\t\t\t<img decoding=\"async\" width=\"1024\" height=\"683\" src=\"https:\/\/i0.wp.com\/petuya.fr\/wp-content\/uploads\/2023\/01\/nuit-scaled-e1700156581887.jpg?fit=1024%2C683&amp;ssl=1\" class=\"attachment-large size-large wp-image-2459\" alt=\"nuit\" \/>\t\t\t\t\t\t\t\t\t\t\t\t\t\t\t<\/div>\n\t\t\t\t<\/div>\n\t\t\t\t\t<\/div>\n\t\t<\/div>\n\t\t\t\t<div class=\"elementor-column elementor-col-50 elementor-top-column elementor-element elementor-element-3490b16\" data-id=\"3490b16\" data-element_type=\"column\" data-e-type=\"column\">\n\t\t\t<div class=\"elementor-widget-wrap elementor-element-populated\">\n\t\t\t\t\t\t<div class=\"elementor-element elementor-element-2b5e624 elementor-widget elementor-widget-text-editor\" data-id=\"2b5e624\" data-element_type=\"widget\" data-e-type=\"widget\" data-widget_type=\"text-editor.default\">\n\t\t\t\t<div class=\"elementor-widget-container\">\n\t\t\t\t\t\t\t\t\t<p><span style=\"font-weight: 400;\">L\u2019\u00e9quipe de recherche a donc analys\u00e9 d\u2019autres crit\u00e8res comme la temp\u00e9rature de notre corps. Ils se sont aper\u00e7us que les personnes de la tribu s\u2019endormaient au moment o\u00f9 leur temp\u00e9rature corporelle baissait. Notre temp\u00e9rature corporelle fluctue sur 24h.<\/span><\/p><p><span style=\"font-weight: 400;\">L\u2019esp\u00e8ce humaine est une esp\u00e8ce diurne. Qu\u2019est-ce donc ?<\/span><\/p><p><span style=\"font-weight: 400;\">Cela signifie que nous sommes \u00e9veill\u00e9s le jour et endormis la nuit. Notre cycle de temp\u00e9rature corporelle se synchronise aussi avec le cycle du soleil.<\/span><span style=\"font-weight: 400;\">\u00a0<\/span><\/p><p><span style=\"font-weight: 400;\">Nous avons plus d\u2019\u00e9nergie et donc de chaleur la journ\u00e9e, et la nuit notre temp\u00e9rature corporelle baisse. Et nous devons dormir !<\/span><\/p>\t\t\t\t\t\t\t\t<\/div>\n\t\t\t\t<\/div>\n\t\t\t\t\t<\/div>\n\t\t<\/div>\n\t\t\t\t\t<\/div>\n\t\t<\/section>\n\t\t\t\t<section class=\"elementor-section elementor-top-section elementor-element elementor-element-f0e03c2 elementor-section-boxed elementor-section-height-default elementor-section-height-default\" data-id=\"f0e03c2\" data-element_type=\"section\" data-e-type=\"section\">\n\t\t\t\t\t\t<div class=\"elementor-container elementor-column-gap-default\">\n\t\t\t\t\t<div class=\"elementor-column elementor-col-100 elementor-top-column elementor-element elementor-element-c337d9d\" data-id=\"c337d9d\" data-element_type=\"column\" data-e-type=\"column\">\n\t\t\t<div class=\"elementor-widget-wrap elementor-element-populated\">\n\t\t\t\t\t\t<div class=\"elementor-element elementor-element-6353749 elementor-widget elementor-widget-spacer\" data-id=\"6353749\" data-element_type=\"widget\" data-e-type=\"widget\" data-widget_type=\"spacer.default\">\n\t\t\t\t<div class=\"elementor-widget-container\">\n\t\t\t\t\t\t\t<div class=\"elementor-spacer\">\n\t\t\t<div class=\"elementor-spacer-inner\"><\/div>\n\t\t<\/div>\n\t\t\t\t\t\t<\/div>\n\t\t\t\t<\/div>\n\t\t\t\t<div class=\"elementor-element elementor-element-a7ab845 elementor-widget elementor-widget-heading\" data-id=\"a7ab845\" data-element_type=\"widget\" data-e-type=\"widget\" data-widget_type=\"heading.default\">\n\t\t\t\t<div class=\"elementor-widget-container\">\n\t\t\t\t\t<h1 class=\"elementor-heading-title elementor-size-default\">Et pour les ann\u00e9es \u00e0 venir \u2026<\/h1>\t\t\t\t<\/div>\n\t\t\t\t<\/div>\n\t\t\t\t<div class=\"elementor-element elementor-element-b05f0a6 elementor-widget elementor-widget-text-editor\" data-id=\"b05f0a6\" data-element_type=\"widget\" data-e-type=\"widget\" data-widget_type=\"text-editor.default\">\n\t\t\t\t<div class=\"elementor-widget-container\">\n\t\t\t\t\t\t\t\t\t<p><span style=\"font-weight: 400;\">M\u00eame si de nos jours certaines personnes pensent qu\u2019il n\u2019est pas n\u00e9cessaire de dormir ou de respecter ce cycle, nous restons tout de m\u00eame une esp\u00e8ce diurne qui nous impose de dormir la nuit.<\/span><\/p><p><span style=\"font-weight: 400;\">En respectant la nature, nous \u00e9viterons de nombreux maux actuels et futurs.<\/span><\/p><p><span style=\"font-weight: 400;\">Vous avez envie de prendre soin de votre sommeil, contactez la Maison P\u00e9tuya qui saura vous conseiller pour un sommeil de qualit\u00e9 et un bien-\u00eatre quotidien. Couette, surmatelas, oreiller, \u2026, tout est r\u00e9alis\u00e9 avec le bon sens des anciens !<\/span><\/p>\t\t\t\t\t\t\t\t<\/div>\n\t\t\t\t<\/div>\n\t\t\t\t\t<\/div>\n\t\t<\/div>\n\t\t\t\t\t<\/div>\n\t\t<\/section>\n\t\t\t\t<\/div>","protected":false},"excerpt":{"rendered":"<p>Comment dormaient nos anc\u00eatres ? \u00c0 la Maison P\u00e9tuya, nous parlons r\u00e9guli\u00e8rement du bon sens des anciens. Et si, nous remontions dans le temps afin d\u2019observer comment dormaient nos anc\u00eatres ?Nous en savons plus gr\u00e2ce \u00e0 une \u00e9quipe anglaise de neuroscientifiques et d\u2019anthropologues qui ont r\u00e9alis\u00e9 une \u00e9tude sur comment ils dormaient. Pour ceux qui [&hellip;]<\/p>\n","protected":false},"author":1,"featured_media":2458,"comment_status":"open","ping_status":"closed","sticky":false,"template":"elementor_header_footer","format":"standard","meta":{"site-sidebar-layout":"default","site-content-layout":"","ast-site-content-layout":"default","site-content-style":"default","site-sidebar-style":"default","ast-global-header-display":"","ast-banner-title-visibility":"","ast-main-header-display":"","ast-hfb-above-header-display":"","ast-hfb-below-header-display":"","ast-hfb-mobile-header-display":"","site-post-title":"","ast-breadcrumbs-content":"","ast-featured-img":"","footer-sml-layout":"","ast-disable-related-posts":"","theme-transparent-header-meta":"","adv-header-id-meta":"","stick-header-meta":"","header-above-stick-meta":"","header-main-stick-meta":"","header-below-stick-meta":"","astra-migrate-meta-layouts":"default","ast-page-background-enabled":"default","ast-page-background-meta":{"desktop":{"background-color":"var(--ast-global-color-4)","background-image":"","background-repeat":"repeat","background-position":"center center","background-size":"auto","background-attachment":"scroll","background-type":"","background-media":"","overlay-type":"","overlay-color":"","overlay-opacity":"","overlay-gradient":""},"tablet":{"background-color":"","background-image":"","background-repeat":"repeat","background-position":"center center","background-size":"auto","background-attachment":"scroll","background-type":"","background-media":"","overlay-type":"","overlay-color":"","overlay-opacity":"","overlay-gradient":""},"mobile":{"background-color":"","background-image":"","background-repeat":"repeat","background-position":"center center","background-size":"auto","background-attachment":"scroll","background-type":"","background-media":"","overlay-type":"","overlay-color":"","overlay-opacity":"","overlay-gradient":""}},"ast-content-background-meta":{"desktop":{"background-color":"var(--ast-global-color-5)","background-image":"","background-repeat":"repeat","background-position":"center center","background-size":"auto","background-attachment":"scroll","background-type":"","background-media":"","overlay-type":"","overlay-color":"","overlay-opacity":"","overlay-gradient":""},"tablet":{"background-color":"var(--ast-global-color-5)","background-image":"","background-repeat":"repeat","background-position":"center center","background-size":"auto","background-attachment":"scroll","background-type":"","background-media":"","overlay-type":"","overlay-color":"","overlay-opacity":"","overlay-gradient":""},"mobile":{"background-color":"var(--ast-global-color-5)","background-image":"","background-repeat":"repeat","background-position":"center center","background-size":"auto","background-attachment":"scroll","background-type":"","background-media":"","overlay-type":"","overlay-color":"","overlay-opacity":"","overlay-gradient":""}},"_jetpack_memberships_contains_paid_content":false,"footnotes":""},"categories":[52],"tags":[],"class_list":["post-2450","post","type-post","status-publish","format-standard","has-post-thumbnail","hentry","category-conseils-et-astuces"],"yoast_head":"<!-- This site is optimized with the Yoast SEO plugin v27.5 - https:\/\/yoast.com\/product\/yoast-seo-wordpress\/ -->\n<title>Comment dormaient nos anc\u00eatres ? - Petuya - Couette et Oreillers laine et lin - Made in France<\/title>\n<meta name=\"description\" content=\"La Maison P\u00e9tuya vous explique dans ce nouvel article le sommeil de nos anc\u00eatres pour mieux comprendre le fonctionnement de notre sommeil\" \/>\n<meta name=\"robots\" content=\"index, follow, max-snippet:-1, max-image-preview:large, max-video-preview:-1\" \/>\n<link rel=\"canonical\" href=\"https:\/\/petuya.fr\/en\/2023\/01\/02\/comment-dormaient-nos-ancetres\/\" \/>\n<meta property=\"og:locale\" content=\"en_US\" \/>\n<meta property=\"og:type\" content=\"article\" \/>\n<meta property=\"og:title\" content=\"Comment dormaient nos anc\u00eatres ? - Petuya - Couette et Oreillers laine et lin - Made in France\" \/>\n<meta property=\"og:description\" content=\"La Maison P\u00e9tuya vous explique dans ce nouvel article le sommeil de nos anc\u00eatres pour mieux comprendre le fonctionnement de notre sommeil\" \/>\n<meta property=\"og:url\" content=\"https:\/\/petuya.fr\/en\/2023\/01\/02\/comment-dormaient-nos-ancetres\/\" \/>\n<meta property=\"og:site_name\" content=\"Petuya - Couette et Oreillers laine et lin - Made in France\" \/>\n<meta property=\"article:publisher\" content=\"https:\/\/www.facebook.com\/StephaniePetuya.Literie\" \/>\n<meta property=\"article:published_time\" content=\"2023-01-02T08:04:05+00:00\" \/>\n<meta property=\"article:modified_time\" content=\"2024-03-30T16:54:43+00:00\" \/>\n<meta property=\"og:image\" content=\"https:\/\/i0.wp.com\/petuya.fr\/wp-content\/uploads\/2023\/01\/sommeil-des-ancetre-scaled-e1700156541353.jpg?fit=800%2C534&ssl=1\" \/>\n\t<meta property=\"og:image:width\" content=\"800\" \/>\n\t<meta property=\"og:image:height\" content=\"534\" \/>\n\t<meta property=\"og:image:type\" content=\"image\/jpeg\" \/>\n<meta name=\"author\" content=\"stephanie petuya\" \/>\n<meta name=\"twitter:card\" content=\"summary_large_image\" \/>\n<meta name=\"twitter:label1\" content=\"Written by\" \/>\n\t<meta name=\"twitter:data1\" content=\"stephanie petuya\" \/>\n\t<meta name=\"twitter:label2\" content=\"Est. reading time\" \/>\n\t<meta name=\"twitter:data2\" content=\"3 minutes\" \/>\n<script type=\"application\/ld+json\" class=\"yoast-schema-graph\">{\"@context\":\"https:\\\/\\\/schema.org\",\"@graph\":[{\"@type\":\"Article\",\"@id\":\"https:\\\/\\\/petuya.fr\\\/2023\\\/01\\\/02\\\/comment-dormaient-nos-ancetres\\\/#article\",\"isPartOf\":{\"@id\":\"https:\\\/\\\/petuya.fr\\\/2023\\\/01\\\/02\\\/comment-dormaient-nos-ancetres\\\/\"},\"author\":{\"name\":\"stephanie petuya\",\"@id\":\"https:\\\/\\\/www.petuya.fr\\\/#\\\/schema\\\/person\\\/7ffd5147645ef30b62b77e1ed5c9a7c3\"},\"headline\":\"Comment dormaient nos anc\u00eatres ?\",\"datePublished\":\"2023-01-02T08:04:05+00:00\",\"dateModified\":\"2024-03-30T16:54:43+00:00\",\"mainEntityOfPage\":{\"@id\":\"https:\\\/\\\/petuya.fr\\\/2023\\\/01\\\/02\\\/comment-dormaient-nos-ancetres\\\/\"},\"wordCount\":471,\"commentCount\":0,\"publisher\":{\"@id\":\"https:\\\/\\\/www.petuya.fr\\\/#organization\"},\"image\":{\"@id\":\"https:\\\/\\\/petuya.fr\\\/2023\\\/01\\\/02\\\/comment-dormaient-nos-ancetres\\\/#primaryimage\"},\"thumbnailUrl\":\"https:\\\/\\\/i0.wp.com\\\/petuya.fr\\\/wp-content\\\/uploads\\\/2023\\\/01\\\/sommeil-des-ancetre-scaled-e1700156541353.jpg?fit=800%2C534&ssl=1\",\"articleSection\":[\"Conseils et Astuces\"],\"inLanguage\":\"en-US\",\"potentialAction\":[{\"@type\":\"CommentAction\",\"name\":\"Comment\",\"target\":[\"https:\\\/\\\/petuya.fr\\\/2023\\\/01\\\/02\\\/comment-dormaient-nos-ancetres\\\/#respond\"]}]},{\"@type\":\"WebPage\",\"@id\":\"https:\\\/\\\/petuya.fr\\\/2023\\\/01\\\/02\\\/comment-dormaient-nos-ancetres\\\/\",\"url\":\"https:\\\/\\\/petuya.fr\\\/2023\\\/01\\\/02\\\/comment-dormaient-nos-ancetres\\\/\",\"name\":\"Comment dormaient nos anc\u00eatres ? - Petuya - Couette et Oreillers laine et lin - Made in France\",\"isPartOf\":{\"@id\":\"https:\\\/\\\/www.petuya.fr\\\/#website\"},\"primaryImageOfPage\":{\"@id\":\"https:\\\/\\\/petuya.fr\\\/2023\\\/01\\\/02\\\/comment-dormaient-nos-ancetres\\\/#primaryimage\"},\"image\":{\"@id\":\"https:\\\/\\\/petuya.fr\\\/2023\\\/01\\\/02\\\/comment-dormaient-nos-ancetres\\\/#primaryimage\"},\"thumbnailUrl\":\"https:\\\/\\\/i0.wp.com\\\/petuya.fr\\\/wp-content\\\/uploads\\\/2023\\\/01\\\/sommeil-des-ancetre-scaled-e1700156541353.jpg?fit=800%2C534&ssl=1\",\"datePublished\":\"2023-01-02T08:04:05+00:00\",\"dateModified\":\"2024-03-30T16:54:43+00:00\",\"description\":\"La Maison P\u00e9tuya vous explique dans ce nouvel article le sommeil de nos anc\u00eatres pour mieux comprendre le fonctionnement de notre sommeil\",\"breadcrumb\":{\"@id\":\"https:\\\/\\\/petuya.fr\\\/2023\\\/01\\\/02\\\/comment-dormaient-nos-ancetres\\\/#breadcrumb\"},\"inLanguage\":\"en-US\",\"potentialAction\":[{\"@type\":\"ReadAction\",\"target\":[\"https:\\\/\\\/petuya.fr\\\/2023\\\/01\\\/02\\\/comment-dormaient-nos-ancetres\\\/\"]}]},{\"@type\":\"ImageObject\",\"inLanguage\":\"en-US\",\"@id\":\"https:\\\/\\\/petuya.fr\\\/2023\\\/01\\\/02\\\/comment-dormaient-nos-ancetres\\\/#primaryimage\",\"url\":\"https:\\\/\\\/i0.wp.com\\\/petuya.fr\\\/wp-content\\\/uploads\\\/2023\\\/01\\\/sommeil-des-ancetre-scaled-e1700156541353.jpg?fit=800%2C534&ssl=1\",\"contentUrl\":\"https:\\\/\\\/i0.wp.com\\\/petuya.fr\\\/wp-content\\\/uploads\\\/2023\\\/01\\\/sommeil-des-ancetre-scaled-e1700156541353.jpg?fit=800%2C534&ssl=1\",\"width\":800,\"height\":534,\"caption\":\"sommeil des ancetres\"},{\"@type\":\"BreadcrumbList\",\"@id\":\"https:\\\/\\\/petuya.fr\\\/2023\\\/01\\\/02\\\/comment-dormaient-nos-ancetres\\\/#breadcrumb\",\"itemListElement\":[{\"@type\":\"ListItem\",\"position\":1,\"name\":\"Accueil\",\"item\":\"https:\\\/\\\/www.petuya.fr\\\/\"},{\"@type\":\"ListItem\",\"position\":2,\"name\":\"Comment dormaient nos anc\u00eatres ?\"}]},{\"@type\":\"WebSite\",\"@id\":\"https:\\\/\\\/www.petuya.fr\\\/#website\",\"url\":\"https:\\\/\\\/www.petuya.fr\\\/\",\"name\":\"P\u00e9tuya\",\"description\":\"\",\"publisher\":{\"@id\":\"https:\\\/\\\/www.petuya.fr\\\/#organization\"},\"potentialAction\":[{\"@type\":\"SearchAction\",\"target\":{\"@type\":\"EntryPoint\",\"urlTemplate\":\"https:\\\/\\\/www.petuya.fr\\\/?s={search_term_string}\"},\"query-input\":{\"@type\":\"PropertyValueSpecification\",\"valueRequired\":true,\"valueName\":\"search_term_string\"}}],\"inLanguage\":\"en-US\"},{\"@type\":\"Organization\",\"@id\":\"https:\\\/\\\/www.petuya.fr\\\/#organization\",\"name\":\"P\u00e9tuya\",\"url\":\"https:\\\/\\\/www.petuya.fr\\\/\",\"logo\":{\"@type\":\"ImageObject\",\"inLanguage\":\"en-US\",\"@id\":\"https:\\\/\\\/www.petuya.fr\\\/#\\\/schema\\\/logo\\\/image\\\/\",\"url\":\"https:\\\/\\\/i0.wp.com\\\/petuya.fr\\\/wp-content\\\/uploads\\\/2022\\\/12\\\/PETUYA-2211-GRIS-FONCE-03.png?fit=1773%2C804&ssl=1\",\"contentUrl\":\"https:\\\/\\\/i0.wp.com\\\/petuya.fr\\\/wp-content\\\/uploads\\\/2022\\\/12\\\/PETUYA-2211-GRIS-FONCE-03.png?fit=1773%2C804&ssl=1\",\"width\":1773,\"height\":804,\"caption\":\"P\u00e9tuya\"},\"image\":{\"@id\":\"https:\\\/\\\/www.petuya.fr\\\/#\\\/schema\\\/logo\\\/image\\\/\"},\"sameAs\":[\"https:\\\/\\\/www.facebook.com\\\/StephaniePetuya.Literie\",\"https:\\\/\\\/www.instagram.com\\\/stephaniepetuya\\\/?igshid=YmMyMTA2M2Y\",\"https:\\\/\\\/www.pinterest.fr\\\/maisonpetuya\\\/\"]},{\"@type\":\"Person\",\"@id\":\"https:\\\/\\\/www.petuya.fr\\\/#\\\/schema\\\/person\\\/7ffd5147645ef30b62b77e1ed5c9a7c3\",\"name\":\"stephanie petuya\",\"image\":{\"@type\":\"ImageObject\",\"inLanguage\":\"en-US\",\"@id\":\"https:\\\/\\\/secure.gravatar.com\\\/avatar\\\/e43f2dcfc8ed3596e5300798f13006439b092893aab38c0b4fc45d6c438d000d?s=96&d=mm&r=g\",\"url\":\"https:\\\/\\\/secure.gravatar.com\\\/avatar\\\/e43f2dcfc8ed3596e5300798f13006439b092893aab38c0b4fc45d6c438d000d?s=96&d=mm&r=g\",\"contentUrl\":\"https:\\\/\\\/secure.gravatar.com\\\/avatar\\\/e43f2dcfc8ed3596e5300798f13006439b092893aab38c0b4fc45d6c438d000d?s=96&d=mm&r=g\",\"caption\":\"stephanie petuya\"},\"sameAs\":[\"https:\\\/\\\/www.petuya.fr\"],\"url\":\"http:\\\/\\\/petuya.fr\\\/en\\\/author\\\/stephanie-petuya\\\/\"}]}<\/script>\n<!-- \/ Yoast SEO plugin. -->","yoast_head_json":{"title":"Comment dormaient nos anc\u00eatres ? - Petuya - Couette et Oreillers laine et lin - Made in France","description":"La Maison P\u00e9tuya vous explique dans ce nouvel article le sommeil de nos anc\u00eatres pour mieux comprendre le fonctionnement de notre sommeil","robots":{"index":"index","follow":"follow","max-snippet":"max-snippet:-1","max-image-preview":"max-image-preview:large","max-video-preview":"max-video-preview:-1"},"canonical":"https:\/\/petuya.fr\/en\/2023\/01\/02\/comment-dormaient-nos-ancetres\/","og_locale":"en_US","og_type":"article","og_title":"Comment dormaient nos anc\u00eatres ? - Petuya - Couette et Oreillers laine et lin - Made in France","og_description":"La Maison P\u00e9tuya vous explique dans ce nouvel article le sommeil de nos anc\u00eatres pour mieux comprendre le fonctionnement de notre sommeil","og_url":"https:\/\/petuya.fr\/en\/2023\/01\/02\/comment-dormaient-nos-ancetres\/","og_site_name":"Petuya - Couette et Oreillers laine et lin - Made in France","article_publisher":"https:\/\/www.facebook.com\/StephaniePetuya.Literie","article_published_time":"2023-01-02T08:04:05+00:00","article_modified_time":"2024-03-30T16:54:43+00:00","og_image":[{"width":800,"height":534,"url":"https:\/\/i0.wp.com\/petuya.fr\/wp-content\/uploads\/2023\/01\/sommeil-des-ancetre-scaled-e1700156541353.jpg?fit=800%2C534&ssl=1","type":"image\/jpeg"}],"author":"stephanie petuya","twitter_card":"summary_large_image","twitter_misc":{"Written by":"stephanie petuya","Est. reading time":"3 minutes"},"schema":{"@context":"https:\/\/schema.org","@graph":[{"@type":"Article","@id":"https:\/\/petuya.fr\/2023\/01\/02\/comment-dormaient-nos-ancetres\/#article","isPartOf":{"@id":"https:\/\/petuya.fr\/2023\/01\/02\/comment-dormaient-nos-ancetres\/"},"author":{"name":"stephanie petuya","@id":"https:\/\/www.petuya.fr\/#\/schema\/person\/7ffd5147645ef30b62b77e1ed5c9a7c3"},"headline":"Comment dormaient nos anc\u00eatres ?","datePublished":"2023-01-02T08:04:05+00:00","dateModified":"2024-03-30T16:54:43+00:00","mainEntityOfPage":{"@id":"https:\/\/petuya.fr\/2023\/01\/02\/comment-dormaient-nos-ancetres\/"},"wordCount":471,"commentCount":0,"publisher":{"@id":"https:\/\/www.petuya.fr\/#organization"},"image":{"@id":"https:\/\/petuya.fr\/2023\/01\/02\/comment-dormaient-nos-ancetres\/#primaryimage"},"thumbnailUrl":"https:\/\/i0.wp.com\/petuya.fr\/wp-content\/uploads\/2023\/01\/sommeil-des-ancetre-scaled-e1700156541353.jpg?fit=800%2C534&ssl=1","articleSection":["Conseils et Astuces"],"inLanguage":"en-US","potentialAction":[{"@type":"CommentAction","name":"Comment","target":["https:\/\/petuya.fr\/2023\/01\/02\/comment-dormaient-nos-ancetres\/#respond"]}]},{"@type":"WebPage","@id":"https:\/\/petuya.fr\/2023\/01\/02\/comment-dormaient-nos-ancetres\/","url":"https:\/\/petuya.fr\/2023\/01\/02\/comment-dormaient-nos-ancetres\/","name":"Comment dormaient nos anc\u00eatres ? - Petuya - Couette et Oreillers laine et lin - Made in France","isPartOf":{"@id":"https:\/\/www.petuya.fr\/#website"},"primaryImageOfPage":{"@id":"https:\/\/petuya.fr\/2023\/01\/02\/comment-dormaient-nos-ancetres\/#primaryimage"},"image":{"@id":"https:\/\/petuya.fr\/2023\/01\/02\/comment-dormaient-nos-ancetres\/#primaryimage"},"thumbnailUrl":"https:\/\/i0.wp.com\/petuya.fr\/wp-content\/uploads\/2023\/01\/sommeil-des-ancetre-scaled-e1700156541353.jpg?fit=800%2C534&ssl=1","datePublished":"2023-01-02T08:04:05+00:00","dateModified":"2024-03-30T16:54:43+00:00","description":"La Maison P\u00e9tuya vous explique dans ce nouvel article le sommeil de nos anc\u00eatres pour mieux comprendre le fonctionnement de notre sommeil","breadcrumb":{"@id":"https:\/\/petuya.fr\/2023\/01\/02\/comment-dormaient-nos-ancetres\/#breadcrumb"},"inLanguage":"en-US","potentialAction":[{"@type":"ReadAction","target":["https:\/\/petuya.fr\/2023\/01\/02\/comment-dormaient-nos-ancetres\/"]}]},{"@type":"ImageObject","inLanguage":"en-US","@id":"https:\/\/petuya.fr\/2023\/01\/02\/comment-dormaient-nos-ancetres\/#primaryimage","url":"https:\/\/i0.wp.com\/petuya.fr\/wp-content\/uploads\/2023\/01\/sommeil-des-ancetre-scaled-e1700156541353.jpg?fit=800%2C534&ssl=1","contentUrl":"https:\/\/i0.wp.com\/petuya.fr\/wp-content\/uploads\/2023\/01\/sommeil-des-ancetre-scaled-e1700156541353.jpg?fit=800%2C534&ssl=1","width":800,"height":534,"caption":"sommeil des ancetres"},{"@type":"BreadcrumbList","@id":"https:\/\/petuya.fr\/2023\/01\/02\/comment-dormaient-nos-ancetres\/#breadcrumb","itemListElement":[{"@type":"ListItem","position":1,"name":"Accueil","item":"https:\/\/www.petuya.fr\/"},{"@type":"ListItem","position":2,"name":"Comment dormaient nos anc\u00eatres ?"}]},{"@type":"WebSite","@id":"https:\/\/www.petuya.fr\/#website","url":"https:\/\/www.petuya.fr\/","name":"P\u00e9tuya","description":"","publisher":{"@id":"https:\/\/www.petuya.fr\/#organization"},"potentialAction":[{"@type":"SearchAction","target":{"@type":"EntryPoint","urlTemplate":"https:\/\/www.petuya.fr\/?s={search_term_string}"},"query-input":{"@type":"PropertyValueSpecification","valueRequired":true,"valueName":"search_term_string"}}],"inLanguage":"en-US"},{"@type":"Organization","@id":"https:\/\/www.petuya.fr\/#organization","name":"P\u00e9tuya","url":"https:\/\/www.petuya.fr\/","logo":{"@type":"ImageObject","inLanguage":"en-US","@id":"https:\/\/www.petuya.fr\/#\/schema\/logo\/image\/","url":"https:\/\/i0.wp.com\/petuya.fr\/wp-content\/uploads\/2022\/12\/PETUYA-2211-GRIS-FONCE-03.png?fit=1773%2C804&ssl=1","contentUrl":"https:\/\/i0.wp.com\/petuya.fr\/wp-content\/uploads\/2022\/12\/PETUYA-2211-GRIS-FONCE-03.png?fit=1773%2C804&ssl=1","width":1773,"height":804,"caption":"P\u00e9tuya"},"image":{"@id":"https:\/\/www.petuya.fr\/#\/schema\/logo\/image\/"},"sameAs":["https:\/\/www.facebook.com\/StephaniePetuya.Literie","https:\/\/www.instagram.com\/stephaniepetuya\/?igshid=YmMyMTA2M2Y","https:\/\/www.pinterest.fr\/maisonpetuya\/"]},{"@type":"Person","@id":"https:\/\/www.petuya.fr\/#\/schema\/person\/7ffd5147645ef30b62b77e1ed5c9a7c3","name":"stephanie petuya","image":{"@type":"ImageObject","inLanguage":"en-US","@id":"https:\/\/secure.gravatar.com\/avatar\/e43f2dcfc8ed3596e5300798f13006439b092893aab38c0b4fc45d6c438d000d?s=96&d=mm&r=g","url":"https:\/\/secure.gravatar.com\/avatar\/e43f2dcfc8ed3596e5300798f13006439b092893aab38c0b4fc45d6c438d000d?s=96&d=mm&r=g","contentUrl":"https:\/\/secure.gravatar.com\/avatar\/e43f2dcfc8ed3596e5300798f13006439b092893aab38c0b4fc45d6c438d000d?s=96&d=mm&r=g","caption":"stephanie petuya"},"sameAs":["https:\/\/www.petuya.fr"],"url":"http:\/\/petuya.fr\/en\/author\/stephanie-petuya\/"}]}},"jetpack_featured_media_url":"https:\/\/i0.wp.com\/petuya.fr\/wp-content\/uploads\/2023\/01\/sommeil-des-ancetre-scaled-e1700156541353.jpg?fit=800%2C534&ssl=1","jetpack_sharing_enabled":true,"_links":{"self":[{"href":"http:\/\/petuya.fr\/en\/wp-json\/wp\/v2\/posts\/2450","targetHints":{"allow":["GET"]}}],"collection":[{"href":"http:\/\/petuya.fr\/en\/wp-json\/wp\/v2\/posts"}],"about":[{"href":"http:\/\/petuya.fr\/en\/wp-json\/wp\/v2\/types\/post"}],"author":[{"embeddable":true,"href":"http:\/\/petuya.fr\/en\/wp-json\/wp\/v2\/users\/1"}],"replies":[{"embeddable":true,"href":"http:\/\/petuya.fr\/en\/wp-json\/wp\/v2\/comments?post=2450"}],"version-history":[{"count":8,"href":"http:\/\/petuya.fr\/en\/wp-json\/wp\/v2\/posts\/2450\/revisions"}],"predecessor-version":[{"id":3220,"href":"http:\/\/petuya.fr\/en\/wp-json\/wp\/v2\/posts\/2450\/revisions\/3220"}],"wp:featuredmedia":[{"embeddable":true,"href":"http:\/\/petuya.fr\/en\/wp-json\/wp\/v2\/media\/2458"}],"wp:attachment":[{"href":"http:\/\/petuya.fr\/en\/wp-json\/wp\/v2\/media?parent=2450"}],"wp:term":[{"taxonomy":"category","embeddable":true,"href":"http:\/\/petuya.fr\/en\/wp-json\/wp\/v2\/categories?post=2450"},{"taxonomy":"post_tag","embeddable":true,"href":"http:\/\/petuya.fr\/en\/wp-json\/wp\/v2\/tags?post=2450"}],"curies":[{"name":"wp","href":"https:\/\/api.w.org\/{rel}","templated":true}]}}